{"id":2377,"date":"2017-10-05T21:29:26","date_gmt":"2017-10-05T21:29:26","guid":{"rendered":"http:\/\/lopezgil.com\/enconstruccion\/?p=2377"},"modified":"2019-06-06T16:30:05","modified_gmt":"2019-06-06T16:30:05","slug":"la-cuperosi","status":"publish","type":"post","link":"https:\/\/www.lopezgil.com\/ca\/la-cuperosi\/","title":{"rendered":"La cuperosi"},"content":{"rendered":"<div id=\"fb-root\"><\/div>\n<p style=\"text-align: justify;\">La cuperosi \u00e9s la vermellor de la pell que sol acompanyar a una malaltia anomenada ros\u00e0cia que consisteix en una dilataci\u00f3 de les petites venes superficials de la pell o tamb\u00e9 anomenats capil\u00b7lars, que afecta sobretot a les galtes, nas, barbeta i de vegades a l\u2019escot.<\/p>\n<p style=\"text-align: justify;\">Es m\u00e9s freq\u00fcent en dones entre 35 i 65 anys de pell blanca i que s\u2019agreuja especialment en els anys de la menopausa. En els homes, \u00e9s menys freq\u00fcent, i a difer\u00e8ncia de les dones els hi acostuma a succeir, sobretot, en el nas.<\/p>\n<p style=\"text-align: justify;\">No es coneix encara la causa exacta que provoca la cuperosi, per\u00f2 si que es sap que intervenen factors hereditaris, algunes medicacions com els hipotensors que s\u2019utilitzen per fer baixar la tensi\u00f3 arterial, factors alimentaris com l\u2019ab\u00fas del caf\u00e8, alcohol, tabac o menjars molt especiats. Tamb\u00e9 influeixen, especialment en les dones, factors de tipus emocional i hormonal.<\/p>\n<p style=\"text-align: justify;\">La manifestaci\u00f3 acostuma a ser vermellor moderada o intensa que apareix especialment amb els canvis de temperatura de fred cap a calor. Fet que els metges anomenem, t\u00e8cnicament, el fenomen FLUSHING (com si fos un flash) i que acostuma a ser molt molest socialment per a qui ho pateix.<\/p>\n<p style=\"text-align: justify;\">El tractament consisteix en l\u2019aplicaci\u00f3 de cremes que busquen disminuir el reg sanguini i a l\u2019hora dissimular el color vermell intens. Aquests productes tenen una efic\u00e0cia discreta i els recomanem sobretot com a prevenci\u00f3 de l\u2019afecci\u00f3. El tractament realment radical per eliminar aquest exc\u00e9s de capil\u00b7lars \u00e9s la utilitzaci\u00f3 del l\u00e0ser vascular que tanca de forma definitiva totes les venetes dilatades. Acostuma a ser necessari realitzar tres o quatre sessions al llarg d\u2019un any perqu\u00e8 desaparegui completament i definitivament. No es dolor\u00f3s i pot causar petites mol\u00e8sties durant dos o tres dies despr\u00e8s del procediment.<\/p>\n<p style=\"text-align: justify;\">Dr. L\u00f3pez Gil<\/p>\n<p style=\"text-align: justify;\">Dermat\u00f2leg<\/p>\n","protected":false},"excerpt":{"rendered":"<p>La cuperosi \u00e9s la vermellor de la pell que sol acompanyar a una malaltia anomenada ros\u00e0cia que consisteix en una dilataci\u00f3 de les petites venes superficials de la pell o tamb\u00e9 anomenats capil\u00b7lars, que afecta sobretot a les galtes, nas, barbeta i de vegades a l\u2019escot. Es m\u00e9s freq\u00fcent en dones entre 35 i 65 [&hellip;]<\/p>\n","protected":false},"author":5,"featured_media":3795,"comment_status":"open","ping_status":"open","sticky":false,"template":"","format":"standard","meta":{"footnotes":""},"categories":[12,14],"tags":[15,16],"class_list":["post-2377","post","type-post","status-publish","format-standard","has-post-thumbnail","hentry","category-dermatologia-clinica-2","category-vermellor-de-pell","tag-cuperosi","tag-vermellor-de-pell"],"yoast_head":"<!-- This site is optimized with the Yoast SEO plugin v19.12 - https:\/\/yoast.com\/wordpress\/plugins\/seo\/ -->\n<title>La cuperosi | Dr. Lopez Gil<\/title>\n<meta name=\"robots\" content=\"index, follow, max-snippet:-1, max-image-preview:large, max-video-preview:-1\" \/>\n<link rel=\"canonical\" href=\"https:\/\/www.lopezgil.com\/ca\/la-cuperosi\/\" \/>\n<meta property=\"og:locale\" content=\"ca_ES\" \/>\n<meta property=\"og:type\" content=\"article\" \/>\n<meta property=\"og:title\" content=\"La cuperosi | Dr. Lopez Gil\" \/>\n<meta property=\"og:description\" content=\"La cuperosi \u00e9s la vermellor de la pell que sol acompanyar a una malaltia anomenada ros\u00e0cia que consisteix en una dilataci\u00f3 de les petites venes superficials de la pell o tamb\u00e9 anomenats capil\u00b7lars, que afecta sobretot a les galtes, nas, barbeta i de vegades a l\u2019escot. Es m\u00e9s freq\u00fcent en dones entre 35 i 65 [&hellip;]\" \/>\n<meta property=\"og:url\" content=\"https:\/\/www.lopezgil.com\/ca\/la-cuperosi\/\" \/>\n<meta property=\"og:site_name\" content=\"Dr. Lopez Gil\" \/>\n<meta property=\"article:published_time\" content=\"2017-10-05T21:29:26+00:00\" \/>\n<meta property=\"article:modified_time\" content=\"2019-06-06T16:30:05+00:00\" \/>\n<meta property=\"og:image\" content=\"https:\/\/www.lopezgil.com\/wp-content\/uploads\/drlopezgil_dermatologia_barcelona_600x200_cuperosi.jpg\" \/>\n\t<meta property=\"og:image:width\" content=\"600\" \/>\n\t<meta property=\"og:image:height\" content=\"200\" \/>\n\t<meta property=\"og:image:type\" content=\"image\/jpeg\" \/>\n<meta name=\"author\" content=\"Dr. L\u00f3pez Gil\" \/>\n<meta name=\"twitter:card\" content=\"summary_large_image\" \/>\n<meta name=\"twitter:label1\" content=\"Written by\" \/>\n\t<meta name=\"twitter:data1\" content=\"Dr. L\u00f3pez Gil\" \/>\n\t<meta name=\"twitter:label2\" content=\"Est. reading time\" \/>\n\t<meta name=\"twitter:data2\" content=\"2 minutes\" \/>\n<script type=\"application\/ld+json\" class=\"yoast-schema-graph\">{\"@context\":\"https:\/\/schema.org\",\"@graph\":[{\"@type\":\"WebPage\",\"@id\":\"https:\/\/www.lopezgil.com\/ca\/la-cuperosi\/\",\"url\":\"https:\/\/www.lopezgil.com\/ca\/la-cuperosi\/\",\"name\":\"La cuperosi | Dr. Lopez Gil\",\"isPartOf\":{\"@id\":\"https:\/\/www.lopezgil.com\/ca\/#website\"},\"datePublished\":\"2017-10-05T21:29:26+00:00\",\"dateModified\":\"2019-06-06T16:30:05+00:00\",\"author\":{\"@id\":\"https:\/\/www.lopezgil.com\/ca\/#\/schema\/person\/0aa928539752a8270270804f0b04e6b7\"},\"breadcrumb\":{\"@id\":\"https:\/\/www.lopezgil.com\/ca\/la-cuperosi\/#breadcrumb\"},\"inLanguage\":\"ca\",\"potentialAction\":[{\"@type\":\"ReadAction\",\"target\":[\"https:\/\/www.lopezgil.com\/ca\/la-cuperosi\/\"]}]},{\"@type\":\"BreadcrumbList\",\"@id\":\"https:\/\/www.lopezgil.com\/ca\/la-cuperosi\/#breadcrumb\",\"itemListElement\":[{\"@type\":\"ListItem\",\"position\":1,\"name\":\"Portada\",\"item\":\"https:\/\/www.lopezgil.com\/ca\/\"},{\"@type\":\"ListItem\",\"position\":2,\"name\":\"La cuperosi\"}]},{\"@type\":\"WebSite\",\"@id\":\"https:\/\/www.lopezgil.com\/ca\/#website\",\"url\":\"https:\/\/www.lopezgil.com\/ca\/\",\"name\":\"Dr. Lopez Gil\",\"description\":\"Dermat\u00f3logo Barcelona\",\"potentialAction\":[{\"@type\":\"SearchAction\",\"target\":{\"@type\":\"EntryPoint\",\"urlTemplate\":\"https:\/\/www.lopezgil.com\/ca\/?s={search_term_string}\"},\"query-input\":\"required name=search_term_string\"}],\"inLanguage\":\"ca\"},{\"@type\":\"Person\",\"@id\":\"https:\/\/www.lopezgil.com\/ca\/#\/schema\/person\/0aa928539752a8270270804f0b04e6b7\",\"name\":\"Dr. L\u00f3pez Gil\",\"image\":{\"@type\":\"ImageObject\",\"inLanguage\":\"ca\",\"@id\":\"https:\/\/www.lopezgil.com\/ca\/#\/schema\/person\/image\/\",\"url\":\"https:\/\/secure.gravatar.com\/avatar\/b178b9bc4063873975496c625251dab5a525cf312ef6ce191467b84d05afbeef?s=96&d=mm&r=g\",\"contentUrl\":\"https:\/\/secure.gravatar.com\/avatar\/b178b9bc4063873975496c625251dab5a525cf312ef6ce191467b84d05afbeef?s=96&d=mm&r=g\",\"caption\":\"Dr. L\u00f3pez Gil\"}}]}<\/script>\n<!-- \/ Yoast SEO plugin. -->","yoast_head_json":{"title":"La cuperosi | Dr. Lopez Gil","robots":{"index":"index","follow":"follow","max-snippet":"max-snippet:-1","max-image-preview":"max-image-preview:large","max-video-preview":"max-video-preview:-1"},"canonical":"https:\/\/www.lopezgil.com\/ca\/la-cuperosi\/","og_locale":"ca_ES","og_type":"article","og_title":"La cuperosi | Dr. Lopez Gil","og_description":"La cuperosi \u00e9s la vermellor de la pell que sol acompanyar a una malaltia anomenada ros\u00e0cia que consisteix en una dilataci\u00f3 de les petites venes superficials de la pell o tamb\u00e9 anomenats capil\u00b7lars, que afecta sobretot a les galtes, nas, barbeta i de vegades a l\u2019escot. Es m\u00e9s freq\u00fcent en dones entre 35 i 65 [&hellip;]","og_url":"https:\/\/www.lopezgil.com\/ca\/la-cuperosi\/","og_site_name":"Dr. Lopez Gil","article_published_time":"2017-10-05T21:29:26+00:00","article_modified_time":"2019-06-06T16:30:05+00:00","og_image":[{"width":600,"height":200,"url":"https:\/\/www.lopezgil.com\/wp-content\/uploads\/drlopezgil_dermatologia_barcelona_600x200_cuperosi.jpg","type":"image\/jpeg"}],"author":"Dr. L\u00f3pez Gil","twitter_card":"summary_large_image","twitter_misc":{"Written by":"Dr. L\u00f3pez Gil","Est. reading time":"2 minutes"},"schema":{"@context":"https:\/\/schema.org","@graph":[{"@type":"WebPage","@id":"https:\/\/www.lopezgil.com\/ca\/la-cuperosi\/","url":"https:\/\/www.lopezgil.com\/ca\/la-cuperosi\/","name":"La cuperosi | Dr. Lopez Gil","isPartOf":{"@id":"https:\/\/www.lopezgil.com\/ca\/#website"},"datePublished":"2017-10-05T21:29:26+00:00","dateModified":"2019-06-06T16:30:05+00:00","author":{"@id":"https:\/\/www.lopezgil.com\/ca\/#\/schema\/person\/0aa928539752a8270270804f0b04e6b7"},"breadcrumb":{"@id":"https:\/\/www.lopezgil.com\/ca\/la-cuperosi\/#breadcrumb"},"inLanguage":"ca","potentialAction":[{"@type":"ReadAction","target":["https:\/\/www.lopezgil.com\/ca\/la-cuperosi\/"]}]},{"@type":"BreadcrumbList","@id":"https:\/\/www.lopezgil.com\/ca\/la-cuperosi\/#breadcrumb","itemListElement":[{"@type":"ListItem","position":1,"name":"Portada","item":"https:\/\/www.lopezgil.com\/ca\/"},{"@type":"ListItem","position":2,"name":"La cuperosi"}]},{"@type":"WebSite","@id":"https:\/\/www.lopezgil.com\/ca\/#website","url":"https:\/\/www.lopezgil.com\/ca\/","name":"Dr. Lopez Gil","description":"Dermat\u00f3logo Barcelona","potentialAction":[{"@type":"SearchAction","target":{"@type":"EntryPoint","urlTemplate":"https:\/\/www.lopezgil.com\/ca\/?s={search_term_string}"},"query-input":"required name=search_term_string"}],"inLanguage":"ca"},{"@type":"Person","@id":"https:\/\/www.lopezgil.com\/ca\/#\/schema\/person\/0aa928539752a8270270804f0b04e6b7","name":"Dr. L\u00f3pez Gil","image":{"@type":"ImageObject","inLanguage":"ca","@id":"https:\/\/www.lopezgil.com\/ca\/#\/schema\/person\/image\/","url":"https:\/\/secure.gravatar.com\/avatar\/b178b9bc4063873975496c625251dab5a525cf312ef6ce191467b84d05afbeef?s=96&d=mm&r=g","contentUrl":"https:\/\/secure.gravatar.com\/avatar\/b178b9bc4063873975496c625251dab5a525cf312ef6ce191467b84d05afbeef?s=96&d=mm&r=g","caption":"Dr. L\u00f3pez Gil"}}]}},"_links":{"self":[{"href":"https:\/\/www.lopezgil.com\/ca\/wp-json\/wp\/v2\/posts\/2377","targetHints":{"allow":["GET"]}}],"collection":[{"href":"https:\/\/www.lopezgil.com\/ca\/wp-json\/wp\/v2\/posts"}],"about":[{"href":"https:\/\/www.lopezgil.com\/ca\/wp-json\/wp\/v2\/types\/post"}],"author":[{"embeddable":true,"href":"https:\/\/www.lopezgil.com\/ca\/wp-json\/wp\/v2\/users\/5"}],"replies":[{"embeddable":true,"href":"https:\/\/www.lopezgil.com\/ca\/wp-json\/wp\/v2\/comments?post=2377"}],"version-history":[{"count":4,"href":"https:\/\/www.lopezgil.com\/ca\/wp-json\/wp\/v2\/posts\/2377\/revisions"}],"predecessor-version":[{"id":2388,"href":"https:\/\/www.lopezgil.com\/ca\/wp-json\/wp\/v2\/posts\/2377\/revisions\/2388"}],"wp:featuredmedia":[{"embeddable":true,"href":"https:\/\/www.lopezgil.com\/ca\/wp-json\/wp\/v2\/media\/3795"}],"wp:attachment":[{"href":"https:\/\/www.lopezgil.com\/ca\/wp-json\/wp\/v2\/media?parent=2377"}],"wp:term":[{"taxonomy":"category","embeddable":true,"href":"https:\/\/www.lopezgil.com\/ca\/wp-json\/wp\/v2\/categories?post=2377"},{"taxonomy":"post_tag","embeddable":true,"href":"https:\/\/www.lopezgil.com\/ca\/wp-json\/wp\/v2\/tags?post=2377"}],"curies":[{"name":"wp","href":"https:\/\/api.w.org\/{rel}","templated":true}]}}